{"id":4988,"date":"2017-11-13T17:21:32","date_gmt":"2017-11-13T17:21:32","guid":{"rendered":"https:\/\/adriengontier.com\/?p=4988"},"modified":"2021-01-02T00:39:32","modified_gmt":"2021-01-01T23:39:32","slug":"food-film-olives-despagne-3-films","status":"publish","type":"post","link":"https:\/\/adriengontier.com\/en\/food-film-olives-despagne-3-films\/","title":{"rendered":"Olives d&rsquo;Espagne"},"content":{"rendered":"<h1 class=\"_3Nctv taFHO\"><\/h1>\n<h1 class=\"_3Nctv taFHO\"><span class=\"_1fHNK\">OLIVES D ESPAGNE -Poulet confit citron et olives<\/span><\/h1>\n<p><iframe src=\"https:\/\/player.vimeo.com\/video\/242449146?title=0&amp;byline=0&amp;portrait=0\" width=\"680\" height=\"405\" frameborder=\"0\" allowfullscreen=\"allowfullscreen\"><\/iframe><\/p>\n<h1 class=\"_3Nctv taFHO\"><span class=\"_1fHNK\">OLIVES D ESPAGNE &#8211; Tapas m\u00e9diterran\u00e9ennes<\/span><\/h1>\n<p><iframe src=\"https:\/\/player.vimeo.com\/video\/242449132?title=0&amp;byline=0&amp;portrait=0\" width=\"680\" height=\"405\" frameborder=\"0\" allowfullscreen=\"allowfullscreen\"><\/iframe><\/p>\n<h1 class=\"_3Nctv taFHO\"><span class=\"_1fHNK\">OLIVES D ESPAGNE &#8211; Salade folle citrons et olives<\/span><\/h1>\n<p><iframe src=\"https:\/\/player.vimeo.com\/video\/242449120?title=0&amp;byline=0&amp;portrait=0\" width=\"680\" height=\"405\" frameborder=\"0\" allowfullscreen=\"allowfullscreen\"><\/iframe><\/p>\n<p>&nbsp;<\/p>\n<p>&nbsp;<\/p>\n<p>&nbsp;<\/p>\n<p>adriengontier.com<br \/>\nDirecteur de la photographie, Chef op\u00e9rateur &#8211; PARIS<\/p>\n<p>&nbsp;<\/p>","protected":false},"excerpt":{"rendered":"<p>#FOOD FILM #tuto #dop<\/p>","protected":false},"author":3,"featured_media":4989,"comment_status":"closed","ping_status":"open","sticky":false,"template":"","format":"standard","meta":{"_acf_changed":false,"footnotes":""},"categories":[5,430,50,1,6,22,24],"tags":[104,105,392,418,107,204,338,322,339,109,208,203,202,314,200,323,440,393,266,255,228,207,222,308,201,309,439],"class_list":["post-4988","post","type-post","status-publish","format-standard","has-post-thumbnail","hentry","category-blog","category-food-and-beverage-film","category-news","category-non-classe","category-portfolio","category-pub","category-web-tv","tag-adrien-gontier","tag-adriengo","tag-alexa","tag-alexa-mini","tag-camera","tag-chef-op-2","tag-chef-operateur","tag-davinci-resolve","tag-directeur-de-la-photographie","tag-directeur-photo","tag-director","tag-director-of-photography","tag-dop","tag-etalonnage","tag-film-de-presentation","tag-food-film","tag-macro","tag-master-prime","tag-paris","tag-pub-4","tag-publicite","tag-realisateur","tag-slow-motion-3","tag-slowmotion","tag-tourne-en-studio","tag-zeiss","tag-zeiss-master-prime"],"acf":[],"yoast_head":"<!-- This site is optimized with the Yoast SEO plugin v27.4 - https:\/\/yoast.com\/product\/yoast-seo-wordpress\/ -->\n<title>Olives d&#039;Espagne | adriengontier.com | DOP<\/title>\n<meta name=\"description\" content=\"Adrien Gontier, Directeur de la photographie, Chef op\u00e9rateur, Cinematographer, Paris, France | Olives d&#039;Espagne | Portfolio | adriengontier.com\" \/>\n<meta name=\"robots\" content=\"index, follow, max-snippet:-1, max-image-preview:large, max-video-preview:-1\" \/>\n<link rel=\"canonical\" href=\"https:\/\/adriengontier.com\/en\/food-film-olives-despagne-3-films\/\" \/>\n<meta property=\"og:locale\" content=\"en_GB\" \/>\n<meta property=\"og:type\" content=\"article\" \/>\n<meta property=\"og:title\" content=\"Olives d&#039;Espagne | adriengontier.com | DOP\" \/>\n<meta property=\"og:description\" content=\"Adrien Gontier, Directeur de la photographie, Chef op\u00e9rateur, Cinematographer, Paris, France | Olives d&#039;Espagne | Portfolio | adriengontier.com\" \/>\n<meta property=\"og:url\" content=\"https:\/\/adriengontier.com\/en\/food-film-olives-despagne-3-films\/\" \/>\n<meta property=\"og:site_name\" content=\"Adrien Gontier, Directeur de la photographie, Chef op\u00e9rateur, Cinematographer, Paris, France\" \/>\n<meta property=\"article:publisher\" content=\"https:\/\/www.facebook.com\/adriengontierDOP\/\" \/>\n<meta property=\"article:author\" content=\"www.facebook.com\/adriengontierDOP\" \/>\n<meta property=\"article:published_time\" content=\"2017-11-13T17:21:32+00:00\" \/>\n<meta property=\"article:modified_time\" content=\"2021-01-01T23:39:32+00:00\" \/>\n<meta property=\"og:image\" content=\"https:\/\/adriengontier.com\/wp-content\/uploads\/vignette\/food-film-olives-d-espagne-960x539.png\" \/>\n\t<meta property=\"og:image:width\" content=\"960\" \/>\n\t<meta property=\"og:image:height\" content=\"539\" \/>\n\t<meta property=\"og:image:type\" content=\"image\/png\" \/>\n<meta name=\"author\" content=\"Adrien Gontier\" \/>\n<meta name=\"twitter:card\" content=\"summary_large_image\" \/>\n<meta name=\"twitter:creator\" content=\"@adriengo\" \/>\n<meta name=\"twitter:site\" content=\"@adriengo\" \/>\n<meta name=\"twitter:label1\" content=\"Written by\" \/>\n\t<meta name=\"twitter:data1\" content=\"Adrien Gontier\" \/>\n<script type=\"application\/ld+json\" class=\"yoast-schema-graph\">{\"@context\":\"https:\\\/\\\/schema.org\",\"@graph\":[{\"@type\":\"Article\",\"@id\":\"https:\\\/\\\/adriengontier.com\\\/en\\\/food-film-olives-despagne-3-films\\\/#article\",\"isPartOf\":{\"@id\":\"https:\\\/\\\/adriengontier.com\\\/en\\\/food-film-olives-despagne-3-films\\\/\"},\"author\":{\"name\":\"Adrien Gontier\",\"@id\":\"https:\\\/\\\/adriengontier.com\\\/#\\\/schema\\\/person\\\/ec3a5102a3dc56f01019e4925edaeb31\"},\"headline\":\"Olives d&rsquo;Espagne\",\"datePublished\":\"2017-11-13T17:21:32+00:00\",\"dateModified\":\"2021-01-01T23:39:32+00:00\",\"mainEntityOfPage\":{\"@id\":\"https:\\\/\\\/adriengontier.com\\\/en\\\/food-film-olives-despagne-3-films\\\/\"},\"wordCount\":43,\"publisher\":{\"@id\":\"https:\\\/\\\/adriengontier.com\\\/#organization\"},\"image\":{\"@id\":\"https:\\\/\\\/adriengontier.com\\\/en\\\/food-film-olives-despagne-3-films\\\/#primaryimage\"},\"thumbnailUrl\":\"https:\\\/\\\/adriengontier.com\\\/wp-content\\\/uploads\\\/vignette\\\/food-film-olives-d-espagne.png\",\"keywords\":[\"adrien gontier\",\"adriengo\",\"Alexa\",\"Alexa mini\",\"camera\",\"Chef op\",\"chef op\u00e9rateur\",\"davinci resolve\",\"directeur de la photographie\",\"directeur photo\",\"Director\",\"Director of photography\",\"DOP\",\"etalonnage\",\"Film de pr\u00e9sentation\",\"food film\",\"macro\",\"master prime\",\"Paris\",\"pub\",\"publicit\u00e9\",\"R\u00e9alisateur\",\"slow motion\",\"slowmotion\",\"Tourn\u00e9 en studio\",\"zeiss\",\"Zeiss master prime\"],\"articleSection\":[\"Blog\",\"Food and beverage film\",\"News\",\"Non class\u00e9\",\"Portfolio\",\"Pub\",\"WEB TV\"],\"inLanguage\":\"en-GB\"},{\"@type\":\"WebPage\",\"@id\":\"https:\\\/\\\/adriengontier.com\\\/en\\\/food-film-olives-despagne-3-films\\\/\",\"url\":\"https:\\\/\\\/adriengontier.com\\\/en\\\/food-film-olives-despagne-3-films\\\/\",\"name\":\"Olives d'Espagne | adriengontier.com | DOP\",\"isPartOf\":{\"@id\":\"https:\\\/\\\/adriengontier.com\\\/#website\"},\"primaryImageOfPage\":{\"@id\":\"https:\\\/\\\/adriengontier.com\\\/en\\\/food-film-olives-despagne-3-films\\\/#primaryimage\"},\"image\":{\"@id\":\"https:\\\/\\\/adriengontier.com\\\/en\\\/food-film-olives-despagne-3-films\\\/#primaryimage\"},\"thumbnailUrl\":\"https:\\\/\\\/adriengontier.com\\\/wp-content\\\/uploads\\\/vignette\\\/food-film-olives-d-espagne.png\",\"datePublished\":\"2017-11-13T17:21:32+00:00\",\"dateModified\":\"2021-01-01T23:39:32+00:00\",\"description\":\"Adrien Gontier, Directeur de la photographie, Chef op\u00e9rateur, Cinematographer, Paris, France | Olives d'Espagne | Portfolio | adriengontier.com\",\"breadcrumb\":{\"@id\":\"https:\\\/\\\/adriengontier.com\\\/en\\\/food-film-olives-despagne-3-films\\\/#breadcrumb\"},\"inLanguage\":\"en-GB\",\"potentialAction\":[{\"@type\":\"ReadAction\",\"target\":[\"https:\\\/\\\/adriengontier.com\\\/en\\\/food-film-olives-despagne-3-films\\\/\"]}]},{\"@type\":\"ImageObject\",\"inLanguage\":\"en-GB\",\"@id\":\"https:\\\/\\\/adriengontier.com\\\/en\\\/food-film-olives-despagne-3-films\\\/#primaryimage\",\"url\":\"https:\\\/\\\/adriengontier.com\\\/wp-content\\\/uploads\\\/vignette\\\/food-film-olives-d-espagne.png\",\"contentUrl\":\"https:\\\/\\\/adriengontier.com\\\/wp-content\\\/uploads\\\/vignette\\\/food-film-olives-d-espagne.png\",\"width\":\"1916\",\"height\":\"1076\",\"caption\":\"food film olives d espagne\"},{\"@type\":\"BreadcrumbList\",\"@id\":\"https:\\\/\\\/adriengontier.com\\\/en\\\/food-film-olives-despagne-3-films\\\/#breadcrumb\",\"itemListElement\":[{\"@type\":\"ListItem\",\"position\":1,\"name\":\"Home\",\"item\":\"https:\\\/\\\/adriengontier.com\\\/\"},{\"@type\":\"ListItem\",\"position\":2,\"name\":\"Olives d&rsquo;Espagne\"}]},{\"@type\":\"WebSite\",\"@id\":\"https:\\\/\\\/adriengontier.com\\\/#website\",\"url\":\"https:\\\/\\\/adriengontier.com\\\/\",\"name\":\"Adrien Gontier, Directeur de la photographie, Chef op\u00e9rateur, Cinematographer, Paris, France\",\"description\":\"Chef op\u00e9rateur, Directeur de la photographie, Paris, France\",\"publisher\":{\"@id\":\"https:\\\/\\\/adriengontier.com\\\/#organization\"},\"potentialAction\":[{\"@type\":\"SearchAction\",\"target\":{\"@type\":\"EntryPoint\",\"urlTemplate\":\"https:\\\/\\\/adriengontier.com\\\/?s={search_term_string}\"},\"query-input\":{\"@type\":\"PropertyValueSpecification\",\"valueRequired\":true,\"valueName\":\"search_term_string\"}}],\"inLanguage\":\"en-GB\"},{\"@type\":\"Organization\",\"@id\":\"https:\\\/\\\/adriengontier.com\\\/#organization\",\"name\":\"Adrien Gontier, Directeur de la photographie, Chef op\u00e9rateur, Cinematographer, Dop, Paris, France\",\"url\":\"https:\\\/\\\/adriengontier.com\\\/\",\"logo\":{\"@type\":\"ImageObject\",\"inLanguage\":\"en-GB\",\"@id\":\"https:\\\/\\\/adriengontier.com\\\/#\\\/schema\\\/logo\\\/image\\\/\",\"url\":\"https:\\\/\\\/adriengontier.com\\\/wp-content\\\/uploads\\\/vignette\\\/cropped-logo-AdrienGontier-2020-601-1.png\",\"contentUrl\":\"https:\\\/\\\/adriengontier.com\\\/wp-content\\\/uploads\\\/vignette\\\/cropped-logo-AdrienGontier-2020-601-1.png\",\"width\":601,\"height\":172,\"caption\":\"Adrien Gontier, Directeur de la photographie, Chef op\u00e9rateur, Cinematographer, Dop, Paris, France\"},\"image\":{\"@id\":\"https:\\\/\\\/adriengontier.com\\\/#\\\/schema\\\/logo\\\/image\\\/\"},\"sameAs\":[\"https:\\\/\\\/www.facebook.com\\\/adriengontierDOP\\\/\",\"https:\\\/\\\/x.com\\\/adriengo\",\"https:\\\/\\\/www.instagram.com\\\/adriengontier\\\/\",\"https:\\\/\\\/fr.linkedin.com\\\/in\\\/adriengo\",\"https:\\\/\\\/vimeo.com\\\/adriengo\"]},{\"@type\":\"Person\",\"@id\":\"https:\\\/\\\/adriengontier.com\\\/#\\\/schema\\\/person\\\/ec3a5102a3dc56f01019e4925edaeb31\",\"name\":\"Adrien Gontier\",\"image\":{\"@type\":\"ImageObject\",\"inLanguage\":\"en-GB\",\"@id\":\"https:\\\/\\\/secure.gravatar.com\\\/avatar\\\/401b34afbfb71f3e329a4db9be4b4f3195edd02d5f7677b0a805bfe89faa2903?s=96&r=g\",\"url\":\"https:\\\/\\\/secure.gravatar.com\\\/avatar\\\/401b34afbfb71f3e329a4db9be4b4f3195edd02d5f7677b0a805bfe89faa2903?s=96&r=g\",\"contentUrl\":\"https:\\\/\\\/secure.gravatar.com\\\/avatar\\\/401b34afbfb71f3e329a4db9be4b4f3195edd02d5f7677b0a805bfe89faa2903?s=96&r=g\",\"caption\":\"Adrien Gontier\"},\"description\":\"Directeur de la photographie , Chef op\u00e9rateur, Cinematographer Paris France\",\"sameAs\":[\"https:\\\/\\\/adriengontier.com\",\"www.facebook.com\\\/adriengontierDOP\",\"http:\\\/\\\/instagram.com\\\/adriengontier\",\"https:\\\/\\\/x.com\\\/adriengo\"]}]}<\/script>\n<!-- \/ Yoast SEO plugin. -->","yoast_head_json":{"title":"Olives d'Espagne | adriengontier.com | DOP","description":"Adrien Gontier, Directeur de la photographie, Chef op\u00e9rateur, Cinematographer, Paris, France | Olives d'Espagne | Portfolio | adriengontier.com","robots":{"index":"index","follow":"follow","max-snippet":"max-snippet:-1","max-image-preview":"max-image-preview:large","max-video-preview":"max-video-preview:-1"},"canonical":"https:\/\/adriengontier.com\/en\/food-film-olives-despagne-3-films\/","og_locale":"en_GB","og_type":"article","og_title":"Olives d'Espagne | adriengontier.com | DOP","og_description":"Adrien Gontier, Directeur de la photographie, Chef op\u00e9rateur, Cinematographer, Paris, France | Olives d'Espagne | Portfolio | adriengontier.com","og_url":"https:\/\/adriengontier.com\/en\/food-film-olives-despagne-3-films\/","og_site_name":"Adrien Gontier, Directeur de la photographie, Chef op\u00e9rateur, Cinematographer, Paris, France","article_publisher":"https:\/\/www.facebook.com\/adriengontierDOP\/","article_author":"www.facebook.com\/adriengontierDOP","article_published_time":"2017-11-13T17:21:32+00:00","article_modified_time":"2021-01-01T23:39:32+00:00","og_image":[{"width":960,"height":539,"url":"https:\/\/adriengontier.com\/wp-content\/uploads\/vignette\/food-film-olives-d-espagne-960x539.png","type":"image\/png"}],"author":"Adrien Gontier","twitter_card":"summary_large_image","twitter_creator":"@adriengo","twitter_site":"@adriengo","twitter_misc":{"Written by":"Adrien Gontier"},"schema":{"@context":"https:\/\/schema.org","@graph":[{"@type":"Article","@id":"https:\/\/adriengontier.com\/en\/food-film-olives-despagne-3-films\/#article","isPartOf":{"@id":"https:\/\/adriengontier.com\/en\/food-film-olives-despagne-3-films\/"},"author":{"name":"Adrien Gontier","@id":"https:\/\/adriengontier.com\/#\/schema\/person\/ec3a5102a3dc56f01019e4925edaeb31"},"headline":"Olives d&rsquo;Espagne","datePublished":"2017-11-13T17:21:32+00:00","dateModified":"2021-01-01T23:39:32+00:00","mainEntityOfPage":{"@id":"https:\/\/adriengontier.com\/en\/food-film-olives-despagne-3-films\/"},"wordCount":43,"publisher":{"@id":"https:\/\/adriengontier.com\/#organization"},"image":{"@id":"https:\/\/adriengontier.com\/en\/food-film-olives-despagne-3-films\/#primaryimage"},"thumbnailUrl":"https:\/\/adriengontier.com\/wp-content\/uploads\/vignette\/food-film-olives-d-espagne.png","keywords":["adrien gontier","adriengo","Alexa","Alexa mini","camera","Chef op","chef op\u00e9rateur","davinci resolve","directeur de la photographie","directeur photo","Director","Director of photography","DOP","etalonnage","Film de pr\u00e9sentation","food film","macro","master prime","Paris","pub","publicit\u00e9","R\u00e9alisateur","slow motion","slowmotion","Tourn\u00e9 en studio","zeiss","Zeiss master prime"],"articleSection":["Blog","Food and beverage film","News","Non class\u00e9","Portfolio","Pub","WEB TV"],"inLanguage":"en-GB"},{"@type":"WebPage","@id":"https:\/\/adriengontier.com\/en\/food-film-olives-despagne-3-films\/","url":"https:\/\/adriengontier.com\/en\/food-film-olives-despagne-3-films\/","name":"Olives d'Espagne | adriengontier.com | DOP","isPartOf":{"@id":"https:\/\/adriengontier.com\/#website"},"primaryImageOfPage":{"@id":"https:\/\/adriengontier.com\/en\/food-film-olives-despagne-3-films\/#primaryimage"},"image":{"@id":"https:\/\/adriengontier.com\/en\/food-film-olives-despagne-3-films\/#primaryimage"},"thumbnailUrl":"https:\/\/adriengontier.com\/wp-content\/uploads\/vignette\/food-film-olives-d-espagne.png","datePublished":"2017-11-13T17:21:32+00:00","dateModified":"2021-01-01T23:39:32+00:00","description":"Adrien Gontier, Directeur de la photographie, Chef op\u00e9rateur, Cinematographer, Paris, France | Olives d'Espagne | Portfolio | adriengontier.com","breadcrumb":{"@id":"https:\/\/adriengontier.com\/en\/food-film-olives-despagne-3-films\/#breadcrumb"},"inLanguage":"en-GB","potentialAction":[{"@type":"ReadAction","target":["https:\/\/adriengontier.com\/en\/food-film-olives-despagne-3-films\/"]}]},{"@type":"ImageObject","inLanguage":"en-GB","@id":"https:\/\/adriengontier.com\/en\/food-film-olives-despagne-3-films\/#primaryimage","url":"https:\/\/adriengontier.com\/wp-content\/uploads\/vignette\/food-film-olives-d-espagne.png","contentUrl":"https:\/\/adriengontier.com\/wp-content\/uploads\/vignette\/food-film-olives-d-espagne.png","width":"1916","height":"1076","caption":"food film olives d espagne"},{"@type":"BreadcrumbList","@id":"https:\/\/adriengontier.com\/en\/food-film-olives-despagne-3-films\/#breadcrumb","itemListElement":[{"@type":"ListItem","position":1,"name":"Home","item":"https:\/\/adriengontier.com\/"},{"@type":"ListItem","position":2,"name":"Olives d&rsquo;Espagne"}]},{"@type":"WebSite","@id":"https:\/\/adriengontier.com\/#website","url":"https:\/\/adriengontier.com\/","name":"Adrien Gontier, Directeur de la photographie, Chef op\u00e9rateur, Cinematographer, Paris, France","description":"Chef op\u00e9rateur, Directeur de la photographie, Paris, France","publisher":{"@id":"https:\/\/adriengontier.com\/#organization"},"potentialAction":[{"@type":"SearchAction","target":{"@type":"EntryPoint","urlTemplate":"https:\/\/adriengontier.com\/?s={search_term_string}"},"query-input":{"@type":"PropertyValueSpecification","valueRequired":true,"valueName":"search_term_string"}}],"inLanguage":"en-GB"},{"@type":"Organization","@id":"https:\/\/adriengontier.com\/#organization","name":"Adrien Gontier, Directeur de la photographie, Chef op\u00e9rateur, Cinematographer, Dop, Paris, France","url":"https:\/\/adriengontier.com\/","logo":{"@type":"ImageObject","inLanguage":"en-GB","@id":"https:\/\/adriengontier.com\/#\/schema\/logo\/image\/","url":"https:\/\/adriengontier.com\/wp-content\/uploads\/vignette\/cropped-logo-AdrienGontier-2020-601-1.png","contentUrl":"https:\/\/adriengontier.com\/wp-content\/uploads\/vignette\/cropped-logo-AdrienGontier-2020-601-1.png","width":601,"height":172,"caption":"Adrien Gontier, Directeur de la photographie, Chef op\u00e9rateur, Cinematographer, Dop, Paris, France"},"image":{"@id":"https:\/\/adriengontier.com\/#\/schema\/logo\/image\/"},"sameAs":["https:\/\/www.facebook.com\/adriengontierDOP\/","https:\/\/x.com\/adriengo","https:\/\/www.instagram.com\/adriengontier\/","https:\/\/fr.linkedin.com\/in\/adriengo","https:\/\/vimeo.com\/adriengo"]},{"@type":"Person","@id":"https:\/\/adriengontier.com\/#\/schema\/person\/ec3a5102a3dc56f01019e4925edaeb31","name":"Adrien Gontier","image":{"@type":"ImageObject","inLanguage":"en-GB","@id":"https:\/\/secure.gravatar.com\/avatar\/401b34afbfb71f3e329a4db9be4b4f3195edd02d5f7677b0a805bfe89faa2903?s=96&r=g","url":"https:\/\/secure.gravatar.com\/avatar\/401b34afbfb71f3e329a4db9be4b4f3195edd02d5f7677b0a805bfe89faa2903?s=96&r=g","contentUrl":"https:\/\/secure.gravatar.com\/avatar\/401b34afbfb71f3e329a4db9be4b4f3195edd02d5f7677b0a805bfe89faa2903?s=96&r=g","caption":"Adrien Gontier"},"description":"Directeur de la photographie , Chef op\u00e9rateur, Cinematographer Paris France","sameAs":["https:\/\/adriengontier.com","www.facebook.com\/adriengontierDOP","http:\/\/instagram.com\/adriengontier","https:\/\/x.com\/adriengo"]}]}},"_links":{"self":[{"href":"https:\/\/adriengontier.com\/en\/wp-json\/wp\/v2\/posts\/4988","targetHints":{"allow":["GET"]}}],"collection":[{"href":"https:\/\/adriengontier.com\/en\/wp-json\/wp\/v2\/posts"}],"about":[{"href":"https:\/\/adriengontier.com\/en\/wp-json\/wp\/v2\/types\/post"}],"author":[{"embeddable":true,"href":"https:\/\/adriengontier.com\/en\/wp-json\/wp\/v2\/users\/3"}],"replies":[{"embeddable":true,"href":"https:\/\/adriengontier.com\/en\/wp-json\/wp\/v2\/comments?post=4988"}],"version-history":[{"count":3,"href":"https:\/\/adriengontier.com\/en\/wp-json\/wp\/v2\/posts\/4988\/revisions"}],"predecessor-version":[{"id":11757,"href":"https:\/\/adriengontier.com\/en\/wp-json\/wp\/v2\/posts\/4988\/revisions\/11757"}],"wp:featuredmedia":[{"embeddable":true,"href":"https:\/\/adriengontier.com\/en\/wp-json\/wp\/v2\/media\/4989"}],"wp:attachment":[{"href":"https:\/\/adriengontier.com\/en\/wp-json\/wp\/v2\/media?parent=4988"}],"wp:term":[{"taxonomy":"category","embeddable":true,"href":"https:\/\/adriengontier.com\/en\/wp-json\/wp\/v2\/categories?post=4988"},{"taxonomy":"post_tag","embeddable":true,"href":"https:\/\/adriengontier.com\/en\/wp-json\/wp\/v2\/tags?post=4988"}],"curies":[{"name":"wp","href":"https:\/\/api.w.org\/{rel}","templated":true}]}}