{"id":5027,"date":"2018-04-24T09:12:36","date_gmt":"2018-04-24T08:12:36","guid":{"rendered":"https:\/\/adriengontier.com\/?p=5027"},"modified":"2021-01-06T15:34:09","modified_gmt":"2021-01-06T14:34:09","slug":"chanel","status":"publish","type":"post","link":"https:\/\/adriengontier.com\/en\/chanel\/","title":{"rendered":"CHANEL x RD Parisian Walk"},"content":{"rendered":"<h1 class=\"G7lr_ taFHO\"><span class=\"_1fHNK\">CHANEL x RD Parisian Walk<\/span><\/h1>\n<p><iframe src=\"https:\/\/player.vimeo.com\/video\/244272580?title=0&amp;byline=0&amp;portrait=0\" width=\"680\" height=\"383\" frameborder=\"0\" allowfullscreen=\"allowfullscreen\"><\/iframe><\/p>\n<p><iframe src=\"https:\/\/player.vimeo.com\/video\/248160458\" width=\"680\" height=\"383\" frameborder=\"0\" allowfullscreen=\"allowfullscreen\"><\/iframe><br \/>\n<iframe src=\"https:\/\/player.vimeo.com\/video\/248160516\" width=\"680\" height=\"383\" frameborder=\"0\" allowfullscreen=\"allowfullscreen\"><\/iframe><br \/>\n<iframe src=\"https:\/\/player.vimeo.com\/video\/248160602\" width=\"680\" height=\"383\" frameborder=\"0\" allowfullscreen=\"allowfullscreen\"><\/iframe><br \/>\n<iframe src=\"https:\/\/player.vimeo.com\/video\/248160660\" width=\"680\" height=\"383\" frameborder=\"0\" allowfullscreen=\"allowfullscreen\"><\/iframe><\/p>\n<p>&nbsp;<\/p>\n<h1 class=\"G7lr_ taFHO\"><span class=\"_1fHNK\">CHANEL x RD Parisian Walk<\/span><\/h1>\n<p>Shot in 8K &#8211; RED Epic W<br \/>\nR\u00e9alis\u00e9 par Arthur Valverde<br \/>\navec Rigel Davis<br \/>\nproduit par Smart alleck<\/p>\n<p>&nbsp;<\/p>\n<p>adriengontier.com<br \/>\nDirecteur de la photographie, Chef op\u00e9rateur<br \/>\ncinematographer &#8211; Paris<\/p>","protected":false},"excerpt":{"rendered":"<p>#Pub #influent #fashion <\/p>","protected":false},"author":3,"featured_media":5023,"comment_status":"closed","ping_status":"open","sticky":false,"template":"","format":"standard","meta":{"_acf_changed":false,"footnotes":""},"categories":[5,428,447,50,1,6,22,24],"tags":[271,441,104,105,205,107,444,204,338,106,160,322,339,109,163,200,445,246,255,228,207,132,264,263,442,446,443,222,333,309],"class_list":["post-5027","post","type-post","status-publish","format-standard","has-post-thumbnail","hentry","category-blog","category-commercial","category-fashion","category-news","category-non-classe","category-portfolio","category-pub","category-web-tv","tag-4k","tag-8k","tag-adrien-gontier","tag-adriengo","tag-cadreur","tag-camera","tag-chanel","tag-chef-op-2","tag-chef-operateur","tag-cinematographer","tag-commercial-2","tag-davinci-resolve","tag-directeur-de-la-photographie","tag-directeur-photo","tag-fashion-2","tag-film-de-presentation","tag-luxe","tag-photo-shoot","tag-pub-4","tag-publicite","tag-realisateur","tag-red","tag-red-camera","tag-red-epic","tag-red-epic-w","tag-rigel-davis","tag-shot-in-8k","tag-slow-motion-3","tag-tv","tag-zeiss"],"acf":[],"yoast_head":"<!-- This site is optimized with the Yoast SEO plugin v27.4 - https:\/\/yoast.com\/product\/yoast-seo-wordpress\/ -->\n<title>CHANEL x RD Parisian Walk | adriengontier.com | DOP<\/title>\n<meta name=\"description\" content=\"Adrien Gontier, Directeur de la photographie, Chef op\u00e9rateur, Cinematographer, Paris, France | CHANEL x RD Parisian Walk | News | adriengontier.com\" \/>\n<meta name=\"robots\" content=\"index, follow, max-snippet:-1, max-image-preview:large, max-video-preview:-1\" \/>\n<link rel=\"canonical\" href=\"https:\/\/adriengontier.com\/en\/chanel\/\" \/>\n<meta property=\"og:locale\" content=\"en_GB\" \/>\n<meta property=\"og:type\" content=\"article\" \/>\n<meta property=\"og:title\" content=\"CHANEL x RD Parisian Walk | adriengontier.com | DOP\" \/>\n<meta property=\"og:description\" content=\"Adrien Gontier, Directeur de la photographie, Chef op\u00e9rateur, Cinematographer, Paris, France | CHANEL x RD Parisian Walk | News | adriengontier.com\" \/>\n<meta property=\"og:url\" content=\"https:\/\/adriengontier.com\/en\/chanel\/\" \/>\n<meta property=\"og:site_name\" content=\"Adrien Gontier, Directeur de la photographie, Chef op\u00e9rateur, Cinematographer, Paris, France\" \/>\n<meta property=\"article:publisher\" content=\"https:\/\/www.facebook.com\/adriengontierDOP\/\" \/>\n<meta property=\"article:author\" content=\"www.facebook.com\/adriengontierDOP\" \/>\n<meta property=\"article:published_time\" content=\"2018-04-24T08:12:36+00:00\" \/>\n<meta property=\"article:modified_time\" content=\"2021-01-06T14:34:09+00:00\" \/>\n<meta property=\"og:image\" content=\"https:\/\/adriengontier.com\/wp-content\/uploads\/vignette\/CHANEL-x-RD-Parisian-Walk-960x538.png\" \/>\n\t<meta property=\"og:image:width\" content=\"960\" \/>\n\t<meta property=\"og:image:height\" content=\"538\" \/>\n\t<meta property=\"og:image:type\" content=\"image\/png\" \/>\n<meta name=\"author\" content=\"Adrien Gontier\" \/>\n<meta name=\"twitter:card\" content=\"summary_large_image\" \/>\n<meta name=\"twitter:creator\" content=\"@adriengo\" \/>\n<meta name=\"twitter:site\" content=\"@adriengo\" \/>\n<meta name=\"twitter:label1\" content=\"Written by\" \/>\n\t<meta name=\"twitter:data1\" content=\"Adrien Gontier\" \/>\n<script type=\"application\/ld+json\" class=\"yoast-schema-graph\">{\"@context\":\"https:\\\/\\\/schema.org\",\"@graph\":[{\"@type\":\"Article\",\"@id\":\"https:\\\/\\\/adriengontier.com\\\/en\\\/chanel\\\/#article\",\"isPartOf\":{\"@id\":\"https:\\\/\\\/adriengontier.com\\\/en\\\/chanel\\\/\"},\"author\":{\"name\":\"Adrien Gontier\",\"@id\":\"https:\\\/\\\/adriengontier.com\\\/#\\\/schema\\\/person\\\/ec3a5102a3dc56f01019e4925edaeb31\"},\"headline\":\"CHANEL x RD Parisian Walk\",\"datePublished\":\"2018-04-24T08:12:36+00:00\",\"dateModified\":\"2021-01-06T14:34:09+00:00\",\"mainEntityOfPage\":{\"@id\":\"https:\\\/\\\/adriengontier.com\\\/en\\\/chanel\\\/\"},\"wordCount\":48,\"publisher\":{\"@id\":\"https:\\\/\\\/adriengontier.com\\\/#organization\"},\"image\":{\"@id\":\"https:\\\/\\\/adriengontier.com\\\/en\\\/chanel\\\/#primaryimage\"},\"thumbnailUrl\":\"https:\\\/\\\/adriengontier.com\\\/wp-content\\\/uploads\\\/vignette\\\/CHANEL-x-RD-Parisian-Walk.png\",\"keywords\":[\"4k\",\"8k\",\"adrien gontier\",\"adriengo\",\"Cadreur\",\"camera\",\"chanel\",\"Chef op\",\"chef op\u00e9rateur\",\"cinematographer\",\"commercial\",\"davinci resolve\",\"directeur de la photographie\",\"directeur photo\",\"fashion\",\"Film de pr\u00e9sentation\",\"luxe\",\"Photo Shoot\",\"pub\",\"publicit\u00e9\",\"R\u00e9alisateur\",\"RED\",\"red camera\",\"red epic\",\"RED Epic W\",\"rigel davis\",\"shot in 8K\",\"slow motion\",\"TV\",\"zeiss\"],\"articleSection\":[\"Blog\",\"Commercial\",\"fashion\",\"News\",\"Non class\u00e9\",\"Portfolio\",\"Pub\",\"WEB TV\"],\"inLanguage\":\"en-GB\"},{\"@type\":\"WebPage\",\"@id\":\"https:\\\/\\\/adriengontier.com\\\/en\\\/chanel\\\/\",\"url\":\"https:\\\/\\\/adriengontier.com\\\/en\\\/chanel\\\/\",\"name\":\"CHANEL x RD Parisian Walk | adriengontier.com | DOP\",\"isPartOf\":{\"@id\":\"https:\\\/\\\/adriengontier.com\\\/#website\"},\"primaryImageOfPage\":{\"@id\":\"https:\\\/\\\/adriengontier.com\\\/en\\\/chanel\\\/#primaryimage\"},\"image\":{\"@id\":\"https:\\\/\\\/adriengontier.com\\\/en\\\/chanel\\\/#primaryimage\"},\"thumbnailUrl\":\"https:\\\/\\\/adriengontier.com\\\/wp-content\\\/uploads\\\/vignette\\\/CHANEL-x-RD-Parisian-Walk.png\",\"datePublished\":\"2018-04-24T08:12:36+00:00\",\"dateModified\":\"2021-01-06T14:34:09+00:00\",\"description\":\"Adrien Gontier, Directeur de la photographie, Chef op\u00e9rateur, Cinematographer, Paris, France | CHANEL x RD Parisian Walk | News | adriengontier.com\",\"breadcrumb\":{\"@id\":\"https:\\\/\\\/adriengontier.com\\\/en\\\/chanel\\\/#breadcrumb\"},\"inLanguage\":\"en-GB\",\"potentialAction\":[{\"@type\":\"ReadAction\",\"target\":[\"https:\\\/\\\/adriengontier.com\\\/en\\\/chanel\\\/\"]}]},{\"@type\":\"ImageObject\",\"inLanguage\":\"en-GB\",\"@id\":\"https:\\\/\\\/adriengontier.com\\\/en\\\/chanel\\\/#primaryimage\",\"url\":\"https:\\\/\\\/adriengontier.com\\\/wp-content\\\/uploads\\\/vignette\\\/CHANEL-x-RD-Parisian-Walk.png\",\"contentUrl\":\"https:\\\/\\\/adriengontier.com\\\/wp-content\\\/uploads\\\/vignette\\\/CHANEL-x-RD-Parisian-Walk.png\",\"width\":\"1906\",\"height\":\"1068\",\"caption\":\"Chef op\u00e9rateur \u00e9quip\u00e9 Paris Directeur de la photographie - Mat\u00e9riel\"},{\"@type\":\"BreadcrumbList\",\"@id\":\"https:\\\/\\\/adriengontier.com\\\/en\\\/chanel\\\/#breadcrumb\",\"itemListElement\":[{\"@type\":\"ListItem\",\"position\":1,\"name\":\"Home\",\"item\":\"https:\\\/\\\/adriengontier.com\\\/\"},{\"@type\":\"ListItem\",\"position\":2,\"name\":\"CHANEL x RD Parisian Walk\"}]},{\"@type\":\"WebSite\",\"@id\":\"https:\\\/\\\/adriengontier.com\\\/#website\",\"url\":\"https:\\\/\\\/adriengontier.com\\\/\",\"name\":\"Adrien Gontier, Directeur de la photographie, Chef op\u00e9rateur, Cinematographer, Paris, France\",\"description\":\"Chef op\u00e9rateur, Directeur de la photographie, Paris, France\",\"publisher\":{\"@id\":\"https:\\\/\\\/adriengontier.com\\\/#organization\"},\"potentialAction\":[{\"@type\":\"SearchAction\",\"target\":{\"@type\":\"EntryPoint\",\"urlTemplate\":\"https:\\\/\\\/adriengontier.com\\\/?s={search_term_string}\"},\"query-input\":{\"@type\":\"PropertyValueSpecification\",\"valueRequired\":true,\"valueName\":\"search_term_string\"}}],\"inLanguage\":\"en-GB\"},{\"@type\":\"Organization\",\"@id\":\"https:\\\/\\\/adriengontier.com\\\/#organization\",\"name\":\"Adrien Gontier, Directeur de la photographie, Chef op\u00e9rateur, Cinematographer, Dop, Paris, France\",\"url\":\"https:\\\/\\\/adriengontier.com\\\/\",\"logo\":{\"@type\":\"ImageObject\",\"inLanguage\":\"en-GB\",\"@id\":\"https:\\\/\\\/adriengontier.com\\\/#\\\/schema\\\/logo\\\/image\\\/\",\"url\":\"https:\\\/\\\/adriengontier.com\\\/wp-content\\\/uploads\\\/vignette\\\/cropped-logo-AdrienGontier-2020-601-1.png\",\"contentUrl\":\"https:\\\/\\\/adriengontier.com\\\/wp-content\\\/uploads\\\/vignette\\\/cropped-logo-AdrienGontier-2020-601-1.png\",\"width\":601,\"height\":172,\"caption\":\"Adrien Gontier, Directeur de la photographie, Chef op\u00e9rateur, Cinematographer, Dop, Paris, France\"},\"image\":{\"@id\":\"https:\\\/\\\/adriengontier.com\\\/#\\\/schema\\\/logo\\\/image\\\/\"},\"sameAs\":[\"https:\\\/\\\/www.facebook.com\\\/adriengontierDOP\\\/\",\"https:\\\/\\\/x.com\\\/adriengo\",\"https:\\\/\\\/www.instagram.com\\\/adriengontier\\\/\",\"https:\\\/\\\/fr.linkedin.com\\\/in\\\/adriengo\",\"https:\\\/\\\/vimeo.com\\\/adriengo\"]},{\"@type\":\"Person\",\"@id\":\"https:\\\/\\\/adriengontier.com\\\/#\\\/schema\\\/person\\\/ec3a5102a3dc56f01019e4925edaeb31\",\"name\":\"Adrien Gontier\",\"image\":{\"@type\":\"ImageObject\",\"inLanguage\":\"en-GB\",\"@id\":\"https:\\\/\\\/secure.gravatar.com\\\/avatar\\\/401b34afbfb71f3e329a4db9be4b4f3195edd02d5f7677b0a805bfe89faa2903?s=96&r=g\",\"url\":\"https:\\\/\\\/secure.gravatar.com\\\/avatar\\\/401b34afbfb71f3e329a4db9be4b4f3195edd02d5f7677b0a805bfe89faa2903?s=96&r=g\",\"contentUrl\":\"https:\\\/\\\/secure.gravatar.com\\\/avatar\\\/401b34afbfb71f3e329a4db9be4b4f3195edd02d5f7677b0a805bfe89faa2903?s=96&r=g\",\"caption\":\"Adrien Gontier\"},\"description\":\"Directeur de la photographie , Chef op\u00e9rateur, Cinematographer Paris France\",\"sameAs\":[\"https:\\\/\\\/adriengontier.com\",\"www.facebook.com\\\/adriengontierDOP\",\"http:\\\/\\\/instagram.com\\\/adriengontier\",\"https:\\\/\\\/x.com\\\/adriengo\"]}]}<\/script>\n<!-- \/ Yoast SEO plugin. -->","yoast_head_json":{"title":"CHANEL x RD Parisian Walk | adriengontier.com | DOP","description":"Adrien Gontier, Directeur de la photographie, Chef op\u00e9rateur, Cinematographer, Paris, France | CHANEL x RD Parisian Walk | News | adriengontier.com","robots":{"index":"index","follow":"follow","max-snippet":"max-snippet:-1","max-image-preview":"max-image-preview:large","max-video-preview":"max-video-preview:-1"},"canonical":"https:\/\/adriengontier.com\/en\/chanel\/","og_locale":"en_GB","og_type":"article","og_title":"CHANEL x RD Parisian Walk | adriengontier.com | DOP","og_description":"Adrien Gontier, Directeur de la photographie, Chef op\u00e9rateur, Cinematographer, Paris, France | CHANEL x RD Parisian Walk | News | adriengontier.com","og_url":"https:\/\/adriengontier.com\/en\/chanel\/","og_site_name":"Adrien Gontier, Directeur de la photographie, Chef op\u00e9rateur, Cinematographer, Paris, France","article_publisher":"https:\/\/www.facebook.com\/adriengontierDOP\/","article_author":"www.facebook.com\/adriengontierDOP","article_published_time":"2018-04-24T08:12:36+00:00","article_modified_time":"2021-01-06T14:34:09+00:00","og_image":[{"width":960,"height":538,"url":"https:\/\/adriengontier.com\/wp-content\/uploads\/vignette\/CHANEL-x-RD-Parisian-Walk-960x538.png","type":"image\/png"}],"author":"Adrien Gontier","twitter_card":"summary_large_image","twitter_creator":"@adriengo","twitter_site":"@adriengo","twitter_misc":{"Written by":"Adrien Gontier"},"schema":{"@context":"https:\/\/schema.org","@graph":[{"@type":"Article","@id":"https:\/\/adriengontier.com\/en\/chanel\/#article","isPartOf":{"@id":"https:\/\/adriengontier.com\/en\/chanel\/"},"author":{"name":"Adrien Gontier","@id":"https:\/\/adriengontier.com\/#\/schema\/person\/ec3a5102a3dc56f01019e4925edaeb31"},"headline":"CHANEL x RD Parisian Walk","datePublished":"2018-04-24T08:12:36+00:00","dateModified":"2021-01-06T14:34:09+00:00","mainEntityOfPage":{"@id":"https:\/\/adriengontier.com\/en\/chanel\/"},"wordCount":48,"publisher":{"@id":"https:\/\/adriengontier.com\/#organization"},"image":{"@id":"https:\/\/adriengontier.com\/en\/chanel\/#primaryimage"},"thumbnailUrl":"https:\/\/adriengontier.com\/wp-content\/uploads\/vignette\/CHANEL-x-RD-Parisian-Walk.png","keywords":["4k","8k","adrien gontier","adriengo","Cadreur","camera","chanel","Chef op","chef op\u00e9rateur","cinematographer","commercial","davinci resolve","directeur de la photographie","directeur photo","fashion","Film de pr\u00e9sentation","luxe","Photo Shoot","pub","publicit\u00e9","R\u00e9alisateur","RED","red camera","red epic","RED Epic W","rigel davis","shot in 8K","slow motion","TV","zeiss"],"articleSection":["Blog","Commercial","fashion","News","Non class\u00e9","Portfolio","Pub","WEB TV"],"inLanguage":"en-GB"},{"@type":"WebPage","@id":"https:\/\/adriengontier.com\/en\/chanel\/","url":"https:\/\/adriengontier.com\/en\/chanel\/","name":"CHANEL x RD Parisian Walk | adriengontier.com | DOP","isPartOf":{"@id":"https:\/\/adriengontier.com\/#website"},"primaryImageOfPage":{"@id":"https:\/\/adriengontier.com\/en\/chanel\/#primaryimage"},"image":{"@id":"https:\/\/adriengontier.com\/en\/chanel\/#primaryimage"},"thumbnailUrl":"https:\/\/adriengontier.com\/wp-content\/uploads\/vignette\/CHANEL-x-RD-Parisian-Walk.png","datePublished":"2018-04-24T08:12:36+00:00","dateModified":"2021-01-06T14:34:09+00:00","description":"Adrien Gontier, Directeur de la photographie, Chef op\u00e9rateur, Cinematographer, Paris, France | CHANEL x RD Parisian Walk | News | adriengontier.com","breadcrumb":{"@id":"https:\/\/adriengontier.com\/en\/chanel\/#breadcrumb"},"inLanguage":"en-GB","potentialAction":[{"@type":"ReadAction","target":["https:\/\/adriengontier.com\/en\/chanel\/"]}]},{"@type":"ImageObject","inLanguage":"en-GB","@id":"https:\/\/adriengontier.com\/en\/chanel\/#primaryimage","url":"https:\/\/adriengontier.com\/wp-content\/uploads\/vignette\/CHANEL-x-RD-Parisian-Walk.png","contentUrl":"https:\/\/adriengontier.com\/wp-content\/uploads\/vignette\/CHANEL-x-RD-Parisian-Walk.png","width":"1906","height":"1068","caption":"Chef op\u00e9rateur \u00e9quip\u00e9 Paris Directeur de la photographie - Mat\u00e9riel"},{"@type":"BreadcrumbList","@id":"https:\/\/adriengontier.com\/en\/chanel\/#breadcrumb","itemListElement":[{"@type":"ListItem","position":1,"name":"Home","item":"https:\/\/adriengontier.com\/"},{"@type":"ListItem","position":2,"name":"CHANEL x RD Parisian Walk"}]},{"@type":"WebSite","@id":"https:\/\/adriengontier.com\/#website","url":"https:\/\/adriengontier.com\/","name":"Adrien Gontier, Directeur de la photographie, Chef op\u00e9rateur, Cinematographer, Paris, France","description":"Chef op\u00e9rateur, Directeur de la photographie, Paris, France","publisher":{"@id":"https:\/\/adriengontier.com\/#organization"},"potentialAction":[{"@type":"SearchAction","target":{"@type":"EntryPoint","urlTemplate":"https:\/\/adriengontier.com\/?s={search_term_string}"},"query-input":{"@type":"PropertyValueSpecification","valueRequired":true,"valueName":"search_term_string"}}],"inLanguage":"en-GB"},{"@type":"Organization","@id":"https:\/\/adriengontier.com\/#organization","name":"Adrien Gontier, Directeur de la photographie, Chef op\u00e9rateur, Cinematographer, Dop, Paris, France","url":"https:\/\/adriengontier.com\/","logo":{"@type":"ImageObject","inLanguage":"en-GB","@id":"https:\/\/adriengontier.com\/#\/schema\/logo\/image\/","url":"https:\/\/adriengontier.com\/wp-content\/uploads\/vignette\/cropped-logo-AdrienGontier-2020-601-1.png","contentUrl":"https:\/\/adriengontier.com\/wp-content\/uploads\/vignette\/cropped-logo-AdrienGontier-2020-601-1.png","width":601,"height":172,"caption":"Adrien Gontier, Directeur de la photographie, Chef op\u00e9rateur, Cinematographer, Dop, Paris, France"},"image":{"@id":"https:\/\/adriengontier.com\/#\/schema\/logo\/image\/"},"sameAs":["https:\/\/www.facebook.com\/adriengontierDOP\/","https:\/\/x.com\/adriengo","https:\/\/www.instagram.com\/adriengontier\/","https:\/\/fr.linkedin.com\/in\/adriengo","https:\/\/vimeo.com\/adriengo"]},{"@type":"Person","@id":"https:\/\/adriengontier.com\/#\/schema\/person\/ec3a5102a3dc56f01019e4925edaeb31","name":"Adrien Gontier","image":{"@type":"ImageObject","inLanguage":"en-GB","@id":"https:\/\/secure.gravatar.com\/avatar\/401b34afbfb71f3e329a4db9be4b4f3195edd02d5f7677b0a805bfe89faa2903?s=96&r=g","url":"https:\/\/secure.gravatar.com\/avatar\/401b34afbfb71f3e329a4db9be4b4f3195edd02d5f7677b0a805bfe89faa2903?s=96&r=g","contentUrl":"https:\/\/secure.gravatar.com\/avatar\/401b34afbfb71f3e329a4db9be4b4f3195edd02d5f7677b0a805bfe89faa2903?s=96&r=g","caption":"Adrien Gontier"},"description":"Directeur de la photographie , Chef op\u00e9rateur, Cinematographer Paris France","sameAs":["https:\/\/adriengontier.com","www.facebook.com\/adriengontierDOP","http:\/\/instagram.com\/adriengontier","https:\/\/x.com\/adriengo"]}]}},"_links":{"self":[{"href":"https:\/\/adriengontier.com\/en\/wp-json\/wp\/v2\/posts\/5027","targetHints":{"allow":["GET"]}}],"collection":[{"href":"https:\/\/adriengontier.com\/en\/wp-json\/wp\/v2\/posts"}],"about":[{"href":"https:\/\/adriengontier.com\/en\/wp-json\/wp\/v2\/types\/post"}],"author":[{"embeddable":true,"href":"https:\/\/adriengontier.com\/en\/wp-json\/wp\/v2\/users\/3"}],"replies":[{"embeddable":true,"href":"https:\/\/adriengontier.com\/en\/wp-json\/wp\/v2\/comments?post=5027"}],"version-history":[{"count":3,"href":"https:\/\/adriengontier.com\/en\/wp-json\/wp\/v2\/posts\/5027\/revisions"}],"predecessor-version":[{"id":11754,"href":"https:\/\/adriengontier.com\/en\/wp-json\/wp\/v2\/posts\/5027\/revisions\/11754"}],"wp:featuredmedia":[{"embeddable":true,"href":"https:\/\/adriengontier.com\/en\/wp-json\/wp\/v2\/media\/5023"}],"wp:attachment":[{"href":"https:\/\/adriengontier.com\/en\/wp-json\/wp\/v2\/media?parent=5027"}],"wp:term":[{"taxonomy":"category","embeddable":true,"href":"https:\/\/adriengontier.com\/en\/wp-json\/wp\/v2\/categories?post=5027"},{"taxonomy":"post_tag","embeddable":true,"href":"https:\/\/adriengontier.com\/en\/wp-json\/wp\/v2\/tags?post=5027"}],"curies":[{"name":"wp","href":"https:\/\/api.w.org\/{rel}","templated":true}]}}