{"id":5740,"date":"2019-03-16T09:25:07","date_gmt":"2019-03-16T07:25:07","guid":{"rendered":"https:\/\/adriengontier.com\/?p=5740"},"modified":"2021-01-01T23:50:43","modified_gmt":"2021-01-01T22:50:43","slug":"cooke-s7-i","status":"publish","type":"post","link":"https:\/\/adriengontier.com\/en\/cooke-s7-i\/","title":{"rendered":"Ed Motta \u2013 The Windmills of your Mind"},"content":{"rendered":"<p>http:\/\/shotoncooke.com\/video\/ed-motta-the-windmills-of-your-mind\/<\/p>\n<p><a href=\"https:\/\/adriengontier.com\/wp-content\/uploads\/vignette\/Ed-Motta-\u2013-The-Windmills-of-your-Mind-00.png\"><br \/>\n<\/a> <a href=\"https:\/\/adriengontier.com\/wp-content\/uploads\/vignette\/Ed-Motta-\u2013-The-Windmills-of-your-Mind-01.png\"><img fetchpriority=\"high\" decoding=\"async\" class=\"aligncenter wp-image-5743\" src=\"https:\/\/adriengontier.com\/wp-content\/uploads\/vignette\/Ed-Motta-\u2013-The-Windmills-of-your-Mind-01.png\" alt=\"Ed Motta \u2013 The Windmills of your Mind 01\" width=\"662\" height=\"414\" \/><\/a> <a href=\"https:\/\/adriengontier.com\/wp-content\/uploads\/vignette\/Ed-Motta-\u2013-The-Windmills-of-your-Mind-02.png\"><br \/>\n<\/a> <a href=\"https:\/\/adriengontier.com\/wp-content\/uploads\/vignette\/Ed-Motta-\u2013-The-Windmills-of-your-Mind-03.png\"><img decoding=\"async\" class=\"aligncenter wp-image-5745\" src=\"https:\/\/adriengontier.com\/wp-content\/uploads\/vignette\/Ed-Motta-\u2013-The-Windmills-of-your-Mind-03.png\" alt=\"Ed Motta \u2013 The Windmills of your Mind 03\" width=\"662\" height=\"414\" srcset=\"https:\/\/adriengontier.com\/wp-content\/uploads\/vignette\/Ed-Motta-\u2013-The-Windmills-of-your-Mind-03.png 2880w, https:\/\/adriengontier.com\/wp-content\/uploads\/vignette\/Ed-Motta-\u2013-The-Windmills-of-your-Mind-03-426x266.png 426w, https:\/\/adriengontier.com\/wp-content\/uploads\/vignette\/Ed-Motta-\u2013-The-Windmills-of-your-Mind-03-768x480.png 768w, https:\/\/adriengontier.com\/wp-content\/uploads\/vignette\/Ed-Motta-\u2013-The-Windmills-of-your-Mind-03-869x543.png 869w, https:\/\/adriengontier.com\/wp-content\/uploads\/vignette\/Ed-Motta-\u2013-The-Windmills-of-your-Mind-03-600x375.png 600w, https:\/\/adriengontier.com\/wp-content\/uploads\/vignette\/Ed-Motta-\u2013-The-Windmills-of-your-Mind-03-400x250.png 400w, https:\/\/adriengontier.com\/wp-content\/uploads\/vignette\/Ed-Motta-\u2013-The-Windmills-of-your-Mind-03-210x131.png 210w\" sizes=\"(max-width: 662px) 100vw, 662px\" \/><\/a> <a href=\"https:\/\/adriengontier.com\/wp-content\/uploads\/vignette\/Ed-Motta-\u2013-The-Windmills-of-your-Mind-04.png\"><img decoding=\"async\" class=\"aligncenter wp-image-5746\" src=\"https:\/\/adriengontier.com\/wp-content\/uploads\/vignette\/Ed-Motta-\u2013-The-Windmills-of-your-Mind-04.png\" alt=\"Ed Motta \u2013 The Windmills of your Mind 04\" width=\"662\" height=\"414\" \/><\/a><\/p>\n<p>&nbsp;<\/p>\n<p>In tribute to Michel Legrand. Original song : Les moulins de mon c\u0153ur (1969)<br \/>\nEd Motta : voice and guitar<br \/>\nSound engineer : Martin Descombels<br \/>\nGrading and supervising : Christophe Boula<br \/>\nLogistics : Henrique Saldanha, St\u00e9phane Maurice<br \/>\n(c)2019 \u2013 Produced by Paramax Films<\/p>\n<p>&nbsp;<\/p>\n<p><strong>Lens\/Camera Information<br \/>\n<\/strong>Lens series: S7\/i<br \/>\nFocus lengths: 18mm, 50mm, 135mm<br \/>\nCamera: Red Monstro Full Frame 8K<br \/>\nOriginal Aspect Ratio:\u00a01.77<br \/>\nFormat: Digital<br \/>\nRental Company:\u00a0 Sesama\u00a0<a href=\"http:\/\/www.sesama.com\/\">http:\/\/www.sesama.com\/<\/a><\/p>\n<p><strong>DOP Information<br \/>\n<\/strong>Director of Photography:\u00a0Adrien Gontier\u00a0<a href=\"https:\/\/adriengontier.com\/en\/\">https:\/\/adriengontier.com\/<\/a><br \/>\nInstagram\u00a0<a href=\"https:\/\/www.instagram.com\/adriengontier\/\">https:\/\/www.instagram.com\/adriengontier\/<\/a><br \/>\nVimeo:\u00a0<a href=\"https:\/\/vimeo.com\/adriengo\">https:\/\/vimeo.com\/adriengo<\/a><\/p>\n<p><strong>Production Information<\/strong><br \/>\nProduction:\u00a0Ed Motta \u2013 The Windmills of your Mind (8K)<br \/>\nProducer:\u00a0Amos Rozenberg<br \/>\nColourist:\u00a0Christophe Boula<br \/>\nPost Production Company Sesama\u00a0<a href=\"http:\/\/www.sesama.com\/\">http:\/\/www.sesama.com<\/a><br \/>\nProduction Company: Paramax Films\u00a0<a href=\"http:\/\/www.paramaxfilms.com\/\">http:\/\/www.paramaxfilms.com<\/a><a href=\"http:\/\/www.prime-zero.com\/\"><br \/>\n<\/a>Distributer:\u00a0Qwest TV\u00a0<a href=\"http:\/\/www.qwest.tv\/\">http:\/\/www.qwest.tv<\/a><\/p>\n<p>DOP\u00a0Adrien Gontier on his lens choice:<br \/>\n\u201cCooke is a high-end optical brand and major for any director of photography, I have used in the past the Cooke S4i for S35 sensors.<br \/>\nFor the intimate live project with Ed Motta on the fly boat of Paris, we should shoot with very few techniques on the boat that was small. So I chose to use a full format sensor like that of the RED monstro 8K associated with Cooke S7 \/ i which opens at T.2.0. The idea being to highlight the immersive aspect of the full sensor of the Monstro and use the S7 \/ i full aperture to highlight the character with the cooke look and isolate the bottom with incredible bokeh.<br \/>\nWe wanted to test the flares and how they react to the change of focus, the Cooke S7 \/ i are known for very particular flares, so we made a very particular shooting at night, in extreme conditions, full aperture, few light little space, live, especially on the fly boats .. with spot lights that can create flare, and so we made changes in focus without stopping, it\u2019s a live after all. At full openness, these optics offer at the same time a lot of precision but many beautiful surprises, flare and bokeh that we love to catch shooting. We always enjoy turning with this type of optics.\u201c<\/p>\n<p>&nbsp;<\/p>\n<p>&nbsp;<\/p>","protected":false},"excerpt":{"rendered":"<p>Ed Motta \u2013 The Windmills of your Mind &#8211; Cooke S7\/i<\/p>","protected":false},"author":3,"featured_media":5745,"comment_status":"closed","ping_status":"open","sticky":false,"template":"","format":"standard","meta":{"_acf_changed":false,"footnotes":""},"categories":[5,13,50,1,6],"tags":[105,205,107,204,338,106,233,238,624,322,339,203,202,210,622,626,132,625,623],"class_list":["post-5740","post","type-post","status-publish","format-standard","has-post-thumbnail","hentry","category-blog","category-clip-portfolio","category-news","category-non-classe","category-portfolio","tag-adriengo","tag-cadreur","tag-camera","tag-chef-op-2","tag-chef-operateur","tag-cinematographer","tag-clip-5","tag-clip-video","tag-cooke-s7-i","tag-davinci-resolve","tag-directeur-de-la-photographie","tag-director-of-photography","tag-dop","tag-eclairagiste","tag-ed-motta","tag-full-frame","tag-red","tag-red-monstro-8k","tag-the-windmills-of-your-mind"],"acf":[],"yoast_head":"<!-- This site is optimized with the Yoast SEO plugin v27.4 - https:\/\/yoast.com\/product\/yoast-seo-wordpress\/ -->\n<title>Ed Motta \u2013 The Windmills of your Mind | adriengontier.com | DOP<\/title>\n<meta name=\"description\" content=\"Adrien Gontier, Directeur de la photographie, Chef op\u00e9rateur, Cinematographer, Paris, France | Ed Motta \u2013 The Windmills of your Mind | News | adriengontier.com\" \/>\n<meta name=\"robots\" content=\"index, follow, max-snippet:-1, max-image-preview:large, max-video-preview:-1\" \/>\n<link rel=\"canonical\" href=\"https:\/\/adriengontier.com\/en\/cooke-s7-i\/\" \/>\n<meta property=\"og:locale\" content=\"en_GB\" \/>\n<meta property=\"og:type\" content=\"article\" \/>\n<meta property=\"og:title\" content=\"Ed Motta \u2013 The Windmills of your Mind | adriengontier.com | DOP\" \/>\n<meta property=\"og:description\" content=\"Adrien Gontier, Directeur de la photographie, Chef op\u00e9rateur, Cinematographer, Paris, France | Ed Motta \u2013 The Windmills of your Mind | News | adriengontier.com\" \/>\n<meta property=\"og:url\" content=\"https:\/\/adriengontier.com\/en\/cooke-s7-i\/\" \/>\n<meta property=\"og:site_name\" content=\"Adrien Gontier, Directeur de la photographie, Chef op\u00e9rateur, Cinematographer, Paris, France\" \/>\n<meta property=\"article:publisher\" content=\"https:\/\/www.facebook.com\/adriengontierDOP\/\" \/>\n<meta property=\"article:author\" content=\"www.facebook.com\/adriengontierDOP\" \/>\n<meta property=\"article:published_time\" content=\"2019-03-16T07:25:07+00:00\" \/>\n<meta property=\"article:modified_time\" content=\"2021-01-01T22:50:43+00:00\" \/>\n<meta property=\"og:image\" content=\"https:\/\/adriengontier.com\/wp-content\/uploads\/vignette\/Ed-Motta-\u2013-The-Windmills-of-your-Mind-03-869x543.png\" \/>\n\t<meta property=\"og:image:width\" content=\"869\" \/>\n\t<meta property=\"og:image:height\" content=\"543\" \/>\n\t<meta property=\"og:image:type\" content=\"image\/png\" \/>\n<meta name=\"author\" content=\"Adrien Gontier\" \/>\n<meta name=\"twitter:card\" content=\"summary_large_image\" \/>\n<meta name=\"twitter:creator\" content=\"@adriengo\" \/>\n<meta name=\"twitter:site\" content=\"@adriengo\" \/>\n<meta name=\"twitter:label1\" content=\"Written by\" \/>\n\t<meta name=\"twitter:data1\" content=\"Adrien Gontier\" \/>\n\t<meta name=\"twitter:label2\" content=\"Estimated reading time\" \/>\n\t<meta name=\"twitter:data2\" content=\"2 minutes\" \/>\n<script type=\"application\/ld+json\" class=\"yoast-schema-graph\">{\"@context\":\"https:\\\/\\\/schema.org\",\"@graph\":[{\"@type\":\"Article\",\"@id\":\"https:\\\/\\\/adriengontier.com\\\/en\\\/cooke-s7-i\\\/#article\",\"isPartOf\":{\"@id\":\"https:\\\/\\\/adriengontier.com\\\/en\\\/cooke-s7-i\\\/\"},\"author\":{\"name\":\"Adrien Gontier\",\"@id\":\"https:\\\/\\\/adriengontier.com\\\/#\\\/schema\\\/person\\\/ec3a5102a3dc56f01019e4925edaeb31\"},\"headline\":\"Ed Motta \u2013 The Windmills of your Mind\",\"datePublished\":\"2019-03-16T07:25:07+00:00\",\"dateModified\":\"2021-01-01T22:50:43+00:00\",\"mainEntityOfPage\":{\"@id\":\"https:\\\/\\\/adriengontier.com\\\/en\\\/cooke-s7-i\\\/\"},\"wordCount\":374,\"publisher\":{\"@id\":\"https:\\\/\\\/adriengontier.com\\\/#organization\"},\"image\":{\"@id\":\"https:\\\/\\\/adriengontier.com\\\/en\\\/cooke-s7-i\\\/#primaryimage\"},\"thumbnailUrl\":\"https:\\\/\\\/adriengontier.com\\\/wp-content\\\/uploads\\\/vignette\\\/Ed-Motta-\u2013-The-Windmills-of-your-Mind-03.png\",\"keywords\":[\"adriengo\",\"Cadreur\",\"camera\",\"Chef op\",\"chef op\u00e9rateur\",\"cinematographer\",\"clip\",\"clip video\",\"Cooke S7\\\/i\",\"davinci resolve\",\"directeur de la photographie\",\"Director of photography\",\"DOP\",\"Eclairagiste\",\"Ed Motta\",\"full frame\",\"RED\",\"red monstro 8K\",\"The Windmills of your Mind\"],\"articleSection\":[\"Blog\",\"Clip\",\"News\",\"Non class\u00e9\",\"Portfolio\"],\"inLanguage\":\"en-GB\"},{\"@type\":\"WebPage\",\"@id\":\"https:\\\/\\\/adriengontier.com\\\/en\\\/cooke-s7-i\\\/\",\"url\":\"https:\\\/\\\/adriengontier.com\\\/en\\\/cooke-s7-i\\\/\",\"name\":\"Ed Motta \u2013 The Windmills of your Mind | adriengontier.com | DOP\",\"isPartOf\":{\"@id\":\"https:\\\/\\\/adriengontier.com\\\/#website\"},\"primaryImageOfPage\":{\"@id\":\"https:\\\/\\\/adriengontier.com\\\/en\\\/cooke-s7-i\\\/#primaryimage\"},\"image\":{\"@id\":\"https:\\\/\\\/adriengontier.com\\\/en\\\/cooke-s7-i\\\/#primaryimage\"},\"thumbnailUrl\":\"https:\\\/\\\/adriengontier.com\\\/wp-content\\\/uploads\\\/vignette\\\/Ed-Motta-\u2013-The-Windmills-of-your-Mind-03.png\",\"datePublished\":\"2019-03-16T07:25:07+00:00\",\"dateModified\":\"2021-01-01T22:50:43+00:00\",\"description\":\"Adrien Gontier, Directeur de la photographie, Chef op\u00e9rateur, Cinematographer, Paris, France | Ed Motta \u2013 The Windmills of your Mind | News | adriengontier.com\",\"breadcrumb\":{\"@id\":\"https:\\\/\\\/adriengontier.com\\\/en\\\/cooke-s7-i\\\/#breadcrumb\"},\"inLanguage\":\"en-GB\",\"potentialAction\":[{\"@type\":\"ReadAction\",\"target\":[\"https:\\\/\\\/adriengontier.com\\\/en\\\/cooke-s7-i\\\/\"]}]},{\"@type\":\"ImageObject\",\"inLanguage\":\"en-GB\",\"@id\":\"https:\\\/\\\/adriengontier.com\\\/en\\\/cooke-s7-i\\\/#primaryimage\",\"url\":\"https:\\\/\\\/adriengontier.com\\\/wp-content\\\/uploads\\\/vignette\\\/Ed-Motta-\u2013-The-Windmills-of-your-Mind-03.png\",\"contentUrl\":\"https:\\\/\\\/adriengontier.com\\\/wp-content\\\/uploads\\\/vignette\\\/Ed-Motta-\u2013-The-Windmills-of-your-Mind-03.png\",\"width\":2880,\"height\":1800,\"caption\":\"Chef op\u00e9rateur \u00e9quip\u00e9 Paris Directeur de la photographie - Mat\u00e9riel\"},{\"@type\":\"BreadcrumbList\",\"@id\":\"https:\\\/\\\/adriengontier.com\\\/en\\\/cooke-s7-i\\\/#breadcrumb\",\"itemListElement\":[{\"@type\":\"ListItem\",\"position\":1,\"name\":\"Home\",\"item\":\"https:\\\/\\\/adriengontier.com\\\/\"},{\"@type\":\"ListItem\",\"position\":2,\"name\":\"Ed Motta \u2013 The Windmills of your Mind\"}]},{\"@type\":\"WebSite\",\"@id\":\"https:\\\/\\\/adriengontier.com\\\/#website\",\"url\":\"https:\\\/\\\/adriengontier.com\\\/\",\"name\":\"Adrien Gontier, Directeur de la photographie, Chef op\u00e9rateur, Cinematographer, Paris, France\",\"description\":\"Chef op\u00e9rateur, Directeur de la photographie, Paris, France\",\"publisher\":{\"@id\":\"https:\\\/\\\/adriengontier.com\\\/#organization\"},\"potentialAction\":[{\"@type\":\"SearchAction\",\"target\":{\"@type\":\"EntryPoint\",\"urlTemplate\":\"https:\\\/\\\/adriengontier.com\\\/?s={search_term_string}\"},\"query-input\":{\"@type\":\"PropertyValueSpecification\",\"valueRequired\":true,\"valueName\":\"search_term_string\"}}],\"inLanguage\":\"en-GB\"},{\"@type\":\"Organization\",\"@id\":\"https:\\\/\\\/adriengontier.com\\\/#organization\",\"name\":\"Adrien Gontier, Directeur de la photographie, Chef op\u00e9rateur, Cinematographer, Dop, Paris, France\",\"url\":\"https:\\\/\\\/adriengontier.com\\\/\",\"logo\":{\"@type\":\"ImageObject\",\"inLanguage\":\"en-GB\",\"@id\":\"https:\\\/\\\/adriengontier.com\\\/#\\\/schema\\\/logo\\\/image\\\/\",\"url\":\"https:\\\/\\\/adriengontier.com\\\/wp-content\\\/uploads\\\/vignette\\\/cropped-logo-AdrienGontier-2020-601-1.png\",\"contentUrl\":\"https:\\\/\\\/adriengontier.com\\\/wp-content\\\/uploads\\\/vignette\\\/cropped-logo-AdrienGontier-2020-601-1.png\",\"width\":601,\"height\":172,\"caption\":\"Adrien Gontier, Directeur de la photographie, Chef op\u00e9rateur, Cinematographer, Dop, Paris, France\"},\"image\":{\"@id\":\"https:\\\/\\\/adriengontier.com\\\/#\\\/schema\\\/logo\\\/image\\\/\"},\"sameAs\":[\"https:\\\/\\\/www.facebook.com\\\/adriengontierDOP\\\/\",\"https:\\\/\\\/x.com\\\/adriengo\",\"https:\\\/\\\/www.instagram.com\\\/adriengontier\\\/\",\"https:\\\/\\\/fr.linkedin.com\\\/in\\\/adriengo\",\"https:\\\/\\\/vimeo.com\\\/adriengo\"]},{\"@type\":\"Person\",\"@id\":\"https:\\\/\\\/adriengontier.com\\\/#\\\/schema\\\/person\\\/ec3a5102a3dc56f01019e4925edaeb31\",\"name\":\"Adrien Gontier\",\"image\":{\"@type\":\"ImageObject\",\"inLanguage\":\"en-GB\",\"@id\":\"https:\\\/\\\/secure.gravatar.com\\\/avatar\\\/401b34afbfb71f3e329a4db9be4b4f3195edd02d5f7677b0a805bfe89faa2903?s=96&r=g\",\"url\":\"https:\\\/\\\/secure.gravatar.com\\\/avatar\\\/401b34afbfb71f3e329a4db9be4b4f3195edd02d5f7677b0a805bfe89faa2903?s=96&r=g\",\"contentUrl\":\"https:\\\/\\\/secure.gravatar.com\\\/avatar\\\/401b34afbfb71f3e329a4db9be4b4f3195edd02d5f7677b0a805bfe89faa2903?s=96&r=g\",\"caption\":\"Adrien Gontier\"},\"description\":\"Directeur de la photographie , Chef op\u00e9rateur, Cinematographer Paris France\",\"sameAs\":[\"https:\\\/\\\/adriengontier.com\",\"www.facebook.com\\\/adriengontierDOP\",\"http:\\\/\\\/instagram.com\\\/adriengontier\",\"https:\\\/\\\/x.com\\\/adriengo\"]}]}<\/script>\n<!-- \/ Yoast SEO plugin. -->","yoast_head_json":{"title":"Ed Motta \u2013 The Windmills of your Mind | adriengontier.com | DOP","description":"Adrien Gontier, Directeur de la photographie, Chef op\u00e9rateur, Cinematographer, Paris, France | Ed Motta \u2013 The Windmills of your Mind | News | adriengontier.com","robots":{"index":"index","follow":"follow","max-snippet":"max-snippet:-1","max-image-preview":"max-image-preview:large","max-video-preview":"max-video-preview:-1"},"canonical":"https:\/\/adriengontier.com\/en\/cooke-s7-i\/","og_locale":"en_GB","og_type":"article","og_title":"Ed Motta \u2013 The Windmills of your Mind | adriengontier.com | DOP","og_description":"Adrien Gontier, Directeur de la photographie, Chef op\u00e9rateur, Cinematographer, Paris, France | Ed Motta \u2013 The Windmills of your Mind | News | adriengontier.com","og_url":"https:\/\/adriengontier.com\/en\/cooke-s7-i\/","og_site_name":"Adrien Gontier, Directeur de la photographie, Chef op\u00e9rateur, Cinematographer, Paris, France","article_publisher":"https:\/\/www.facebook.com\/adriengontierDOP\/","article_author":"www.facebook.com\/adriengontierDOP","article_published_time":"2019-03-16T07:25:07+00:00","article_modified_time":"2021-01-01T22:50:43+00:00","og_image":[{"width":869,"height":543,"url":"https:\/\/adriengontier.com\/wp-content\/uploads\/vignette\/Ed-Motta-\u2013-The-Windmills-of-your-Mind-03-869x543.png","type":"image\/png"}],"author":"Adrien Gontier","twitter_card":"summary_large_image","twitter_creator":"@adriengo","twitter_site":"@adriengo","twitter_misc":{"Written by":"Adrien Gontier","Estimated reading time":"2 minutes"},"schema":{"@context":"https:\/\/schema.org","@graph":[{"@type":"Article","@id":"https:\/\/adriengontier.com\/en\/cooke-s7-i\/#article","isPartOf":{"@id":"https:\/\/adriengontier.com\/en\/cooke-s7-i\/"},"author":{"name":"Adrien Gontier","@id":"https:\/\/adriengontier.com\/#\/schema\/person\/ec3a5102a3dc56f01019e4925edaeb31"},"headline":"Ed Motta \u2013 The Windmills of your Mind","datePublished":"2019-03-16T07:25:07+00:00","dateModified":"2021-01-01T22:50:43+00:00","mainEntityOfPage":{"@id":"https:\/\/adriengontier.com\/en\/cooke-s7-i\/"},"wordCount":374,"publisher":{"@id":"https:\/\/adriengontier.com\/#organization"},"image":{"@id":"https:\/\/adriengontier.com\/en\/cooke-s7-i\/#primaryimage"},"thumbnailUrl":"https:\/\/adriengontier.com\/wp-content\/uploads\/vignette\/Ed-Motta-\u2013-The-Windmills-of-your-Mind-03.png","keywords":["adriengo","Cadreur","camera","Chef op","chef op\u00e9rateur","cinematographer","clip","clip video","Cooke S7\/i","davinci resolve","directeur de la photographie","Director of photography","DOP","Eclairagiste","Ed Motta","full frame","RED","red monstro 8K","The Windmills of your Mind"],"articleSection":["Blog","Clip","News","Non class\u00e9","Portfolio"],"inLanguage":"en-GB"},{"@type":"WebPage","@id":"https:\/\/adriengontier.com\/en\/cooke-s7-i\/","url":"https:\/\/adriengontier.com\/en\/cooke-s7-i\/","name":"Ed Motta \u2013 The Windmills of your Mind | adriengontier.com | DOP","isPartOf":{"@id":"https:\/\/adriengontier.com\/#website"},"primaryImageOfPage":{"@id":"https:\/\/adriengontier.com\/en\/cooke-s7-i\/#primaryimage"},"image":{"@id":"https:\/\/adriengontier.com\/en\/cooke-s7-i\/#primaryimage"},"thumbnailUrl":"https:\/\/adriengontier.com\/wp-content\/uploads\/vignette\/Ed-Motta-\u2013-The-Windmills-of-your-Mind-03.png","datePublished":"2019-03-16T07:25:07+00:00","dateModified":"2021-01-01T22:50:43+00:00","description":"Adrien Gontier, Directeur de la photographie, Chef op\u00e9rateur, Cinematographer, Paris, France | Ed Motta \u2013 The Windmills of your Mind | News | adriengontier.com","breadcrumb":{"@id":"https:\/\/adriengontier.com\/en\/cooke-s7-i\/#breadcrumb"},"inLanguage":"en-GB","potentialAction":[{"@type":"ReadAction","target":["https:\/\/adriengontier.com\/en\/cooke-s7-i\/"]}]},{"@type":"ImageObject","inLanguage":"en-GB","@id":"https:\/\/adriengontier.com\/en\/cooke-s7-i\/#primaryimage","url":"https:\/\/adriengontier.com\/wp-content\/uploads\/vignette\/Ed-Motta-\u2013-The-Windmills-of-your-Mind-03.png","contentUrl":"https:\/\/adriengontier.com\/wp-content\/uploads\/vignette\/Ed-Motta-\u2013-The-Windmills-of-your-Mind-03.png","width":2880,"height":1800,"caption":"Chef op\u00e9rateur \u00e9quip\u00e9 Paris Directeur de la photographie - Mat\u00e9riel"},{"@type":"BreadcrumbList","@id":"https:\/\/adriengontier.com\/en\/cooke-s7-i\/#breadcrumb","itemListElement":[{"@type":"ListItem","position":1,"name":"Home","item":"https:\/\/adriengontier.com\/"},{"@type":"ListItem","position":2,"name":"Ed Motta \u2013 The Windmills of your Mind"}]},{"@type":"WebSite","@id":"https:\/\/adriengontier.com\/#website","url":"https:\/\/adriengontier.com\/","name":"Adrien Gontier, Directeur de la photographie, Chef op\u00e9rateur, Cinematographer, Paris, France","description":"Chef op\u00e9rateur, Directeur de la photographie, Paris, France","publisher":{"@id":"https:\/\/adriengontier.com\/#organization"},"potentialAction":[{"@type":"SearchAction","target":{"@type":"EntryPoint","urlTemplate":"https:\/\/adriengontier.com\/?s={search_term_string}"},"query-input":{"@type":"PropertyValueSpecification","valueRequired":true,"valueName":"search_term_string"}}],"inLanguage":"en-GB"},{"@type":"Organization","@id":"https:\/\/adriengontier.com\/#organization","name":"Adrien Gontier, Directeur de la photographie, Chef op\u00e9rateur, Cinematographer, Dop, Paris, France","url":"https:\/\/adriengontier.com\/","logo":{"@type":"ImageObject","inLanguage":"en-GB","@id":"https:\/\/adriengontier.com\/#\/schema\/logo\/image\/","url":"https:\/\/adriengontier.com\/wp-content\/uploads\/vignette\/cropped-logo-AdrienGontier-2020-601-1.png","contentUrl":"https:\/\/adriengontier.com\/wp-content\/uploads\/vignette\/cropped-logo-AdrienGontier-2020-601-1.png","width":601,"height":172,"caption":"Adrien Gontier, Directeur de la photographie, Chef op\u00e9rateur, Cinematographer, Dop, Paris, France"},"image":{"@id":"https:\/\/adriengontier.com\/#\/schema\/logo\/image\/"},"sameAs":["https:\/\/www.facebook.com\/adriengontierDOP\/","https:\/\/x.com\/adriengo","https:\/\/www.instagram.com\/adriengontier\/","https:\/\/fr.linkedin.com\/in\/adriengo","https:\/\/vimeo.com\/adriengo"]},{"@type":"Person","@id":"https:\/\/adriengontier.com\/#\/schema\/person\/ec3a5102a3dc56f01019e4925edaeb31","name":"Adrien Gontier","image":{"@type":"ImageObject","inLanguage":"en-GB","@id":"https:\/\/secure.gravatar.com\/avatar\/401b34afbfb71f3e329a4db9be4b4f3195edd02d5f7677b0a805bfe89faa2903?s=96&r=g","url":"https:\/\/secure.gravatar.com\/avatar\/401b34afbfb71f3e329a4db9be4b4f3195edd02d5f7677b0a805bfe89faa2903?s=96&r=g","contentUrl":"https:\/\/secure.gravatar.com\/avatar\/401b34afbfb71f3e329a4db9be4b4f3195edd02d5f7677b0a805bfe89faa2903?s=96&r=g","caption":"Adrien Gontier"},"description":"Directeur de la photographie , Chef op\u00e9rateur, Cinematographer Paris France","sameAs":["https:\/\/adriengontier.com","www.facebook.com\/adriengontierDOP","http:\/\/instagram.com\/adriengontier","https:\/\/x.com\/adriengo"]}]}},"_links":{"self":[{"href":"https:\/\/adriengontier.com\/en\/wp-json\/wp\/v2\/posts\/5740","targetHints":{"allow":["GET"]}}],"collection":[{"href":"https:\/\/adriengontier.com\/en\/wp-json\/wp\/v2\/posts"}],"about":[{"href":"https:\/\/adriengontier.com\/en\/wp-json\/wp\/v2\/types\/post"}],"author":[{"embeddable":true,"href":"https:\/\/adriengontier.com\/en\/wp-json\/wp\/v2\/users\/3"}],"replies":[{"embeddable":true,"href":"https:\/\/adriengontier.com\/en\/wp-json\/wp\/v2\/comments?post=5740"}],"version-history":[{"count":1,"href":"https:\/\/adriengontier.com\/en\/wp-json\/wp\/v2\/posts\/5740\/revisions"}],"predecessor-version":[{"id":11723,"href":"https:\/\/adriengontier.com\/en\/wp-json\/wp\/v2\/posts\/5740\/revisions\/11723"}],"wp:featuredmedia":[{"embeddable":true,"href":"https:\/\/adriengontier.com\/en\/wp-json\/wp\/v2\/media\/5745"}],"wp:attachment":[{"href":"https:\/\/adriengontier.com\/en\/wp-json\/wp\/v2\/media?parent=5740"}],"wp:term":[{"taxonomy":"category","embeddable":true,"href":"https:\/\/adriengontier.com\/en\/wp-json\/wp\/v2\/categories?post=5740"},{"taxonomy":"post_tag","embeddable":true,"href":"https:\/\/adriengontier.com\/en\/wp-json\/wp\/v2\/tags?post=5740"}],"curies":[{"name":"wp","href":"https:\/\/api.w.org\/{rel}","templated":true}]}}